{"id":1179,"date":"2013-09-19T23:37:01","date_gmt":"2013-09-19T21:37:01","guid":{"rendered":"https:\/\/us.gluecksbazillus.de\/?p=1179"},"modified":"2013-09-19T23:37:01","modified_gmt":"2013-09-19T21:37:01","slug":"mowo-exhibition","status":"publish","type":"post","link":"https:\/\/us.gluecksbazillus.de\/?p=1179","title":{"rendered":"Mowo exhibition"},"content":{"rendered":"<p>While the conference is over, the mowo exhibition is still running up to sep 29th, 2013. If you are in the neighborhood of Torrevieja \/ Alicante\u200e you are welcome to see about 200 photos. The show includes a series of five photos taken from my project &#8216;architecture &#8211; eye on detail&#8217; <\/p>\n<p><img decoding=\"async\" src=\"https:\/\/us.gluecksbazillus.de\/wp-content\/uploads\/mowo_exhibition.jpg\" alt=\"Mowo exhibition 2013, Torrevieja\" \/><\/p>\n<p>Sala de Exposiciones Vista Alegre (<a href=\"https:\/\/goo.gl\/maps\/NH1NX\" title=\"Sala de Exposiciones\" target=\"_blank\">map<\/a>)<br \/>\nC\/ Concepci\u00f3n esquina Paseo Vista Alegre, 03181 Torrevieja, Alicante\u200e<\/p>\n<p>espa\u00f1ol:<br \/>\nMOWO EXHIBITION es la gran exposici\u00f3n de MOWO, el Encuentro de la Comunidad de Fotograf\u00eda M\u00f3vil que se celebra en Torrevieja, por segundo a\u00f1o consecutivo, del 13 al 15 de septiembre y que cuenta con el patrocinio del Patronato de Turismo de la Costa Bianca y el Ayuntaniento de Torrevieja. <\/p>\n<p>En esta exposici\u00f3n las 200 fotograf\u00edas han sido capturadas y editadas con un tel\u00e9fono m\u00f3vil. 100 de ellas han sido seleccionadas de entre m\u00e1s de 19000 que se han presentado al concurso que MOWO ha realizado para ello. El resto pertenecen a los ponentes invitados. <\/p>\n<p>Los puntos de vista que nos encontramos son muy distintos y variados donde prima el sentido art\u00edstico y la creatividad. Im\u00e1genes de calle, ni\u00f1os, paisajes, retratos, en color o en blanco y negro, convierten esta exposici\u00f3n en una excelente muestra del nivel actual de la fotograf\u00eda m\u00f3vil en Espa\u00f1a y en el resto de pa\u00edses. La fotograf\u00eda m\u00f3vil es de todos y para todos. <\/p>\n","protected":false},"excerpt":{"rendered":"<p>While the conference is over, the mowo exhibition is still running up to sep 29th, 2013. If you are in the neighborhood of Torrevieja \/ Alicante\u200e you are welcome to see about 200 photos. The show includes a series of five photos taken from my project &#8216;architecture &#8211; eye on detail&#8217; Sala de Exposiciones Vista [&hellip;]<\/p>\n","protected":false},"author":1,"featured_media":0,"comment_status":"closed","ping_status":"open","sticky":false,"template":"","format":"standard","meta":{"_jetpack_memberships_contains_paid_content":false,"footnotes":""},"categories":[24,51,16],"tags":[155,98,153,57,97],"class_list":["post-1179","post","type-post","status-publish","format-standard","hentry","category-ausstellung","category-english","category-fotos","tag-ausstellung","tag-exhibition","tag-fotos","tag-instagram","tag-spain"],"jetpack_featured_media_url":"","jetpack_shortlink":"https:\/\/wp.me\/poGda-j1","jetpack_sharing_enabled":true,"_links":{"self":[{"href":"https:\/\/us.gluecksbazillus.de\/index.php?rest_route=\/wp\/v2\/posts\/1179","targetHints":{"allow":["GET"]}}],"collection":[{"href":"https:\/\/us.gluecksbazillus.de\/index.php?rest_route=\/wp\/v2\/posts"}],"about":[{"href":"https:\/\/us.gluecksbazillus.de\/index.php?rest_route=\/wp\/v2\/types\/post"}],"author":[{"embeddable":true,"href":"https:\/\/us.gluecksbazillus.de\/index.php?rest_route=\/wp\/v2\/users\/1"}],"replies":[{"embeddable":true,"href":"https:\/\/us.gluecksbazillus.de\/index.php?rest_route=%2Fwp%2Fv2%2Fcomments&post=1179"}],"version-history":[{"count":3,"href":"https:\/\/us.gluecksbazillus.de\/index.php?rest_route=\/wp\/v2\/posts\/1179\/revisions"}],"predecessor-version":[{"id":1183,"href":"https:\/\/us.gluecksbazillus.de\/index.php?rest_route=\/wp\/v2\/posts\/1179\/revisions\/1183"}],"wp:attachment":[{"href":"https:\/\/us.gluecksbazillus.de\/index.php?rest_route=%2Fwp%2Fv2%2Fmedia&parent=1179"}],"wp:term":[{"taxonomy":"category","embeddable":true,"href":"https:\/\/us.gluecksbazillus.de\/index.php?rest_route=%2Fwp%2Fv2%2Fcategories&post=1179"},{"taxonomy":"post_tag","embeddable":true,"href":"https:\/\/us.gluecksbazillus.de\/index.php?rest_route=%2Fwp%2Fv2%2Ftags&post=1179"}],"curies":[{"name":"wp","href":"https:\/\/api.w.org\/{rel}","templated":true}]}}