{"id":129,"date":"2008-10-01T17:45:31","date_gmt":"2008-10-01T15:45:31","guid":{"rendered":"https:\/\/us.macbay.de\/blog\/?p=129"},"modified":"2008-10-01T17:45:31","modified_gmt":"2008-10-01T15:45:31","slug":"stadtfuhrung-visionen-im-masstab-der-gedoppelte-stadtplan","status":"publish","type":"post","link":"https:\/\/us.gluecksbazillus.de\/?p=129","title":{"rendered":"Stadtf\u00fchrung: Visionen im Ma\u00dfstab &#8211; der gedoppelte Stadtplan"},"content":{"rendered":"<p>Im Rahmen der dreit\u00e4gigen Konferenz <strong>Metropolen im Ma\u00dfstab \u2013 Erz\u00e4hlen mit dem Stadtplan<\/strong> biete ich eine F\u00fchrung an: <strong>Visionen im Ma\u00dfstab &#8211; der gedoppelte Stadtplan<\/strong><br \/>\nDie Philosophie der politischen Systeme im Zeichen des modernen St\u00e4dtebaus der 50er Jahre. Der Vergleich: Die Karl-Marx-Allee als neue Magistrale im Osten, das Hansaviertel als neuer Entwurf im Westen. Wohnungsbau als Spiegel der Gesellschaft &#8211; Sonderbauten als Sinnbild der zeitgen\u00f6ssischen, grenz\u00fcberschreitenden Baukultur &#8211; die Pr\u00e4sentation + Nutzung als Abbild des Systems ? <\/p>\n<p><img decoding=\"async\" src=\"https:\/\/us.macbay.de\/blog\/wp-content\/uploads\/moderne.jpg\" alt=\"Hansaviertel und Karl-Marx-Allee\" \/><\/p>\n<p>Foto: Sessellift im Hansaviertel w\u00e4hrend der Interbau Bauaussttelung 1957 + Logo \/ Werbes\u00e4ule der Lufthansa vor ihren tempor\u00e4ren B\u00fcros am Straussberger Platz. <\/p>\n<p>Datum: Sonntag, 18. M\u00e4rz 2007 &#8211; um 11 Uhr Treffpunkt: Karl-Marx-Allee \/ Ecke Lebuserstra\u00dfe &#8211; Stadtplan U-Bhf: Straussberger Platz (Ausgang Lebuserstr.) Preis: 10 Euro + BVG Ticket f\u00fcr den Transfer Die Konferenz: <strong>Metropolen im Ma\u00dfstab \u2013 Erz\u00e4hlen mit dem Stadtplan<\/strong> 16.-18. M\u00e4rz 2007, im Literaturforum im Brecht-Haus, Chausseestra\u00dfe 125, 10115 Berlin-Mitte. <\/p>\n","protected":false},"excerpt":{"rendered":"<p>Im Rahmen der dreit\u00e4gigen Konferenz Metropolen im Ma\u00dfstab \u2013 Erz\u00e4hlen mit dem Stadtplan biete ich eine F\u00fchrung an: Visionen im Ma\u00dfstab &#8211; der gedoppelte Stadtplan Die Philosophie der politischen Systeme im Zeichen des modernen St\u00e4dtebaus der 50er Jahre. Der Vergleich: Die Karl-Marx-Allee als neue Magistrale im Osten, das Hansaviertel als neuer Entwurf im Westen. Wohnungsbau [&hellip;]<\/p>\n","protected":false},"author":1,"featured_media":0,"comment_status":"closed","ping_status":"open","sticky":false,"template":"","format":"standard","meta":{"_jetpack_memberships_contains_paid_content":false,"footnotes":""},"categories":[8],"tags":[11,12,13],"class_list":["post-129","post","type-post","status-publish","format-standard","hentry","category-freunde-der-stadt","tag-architektur","tag-berlin","tag-stadtfuehrung"],"jetpack_featured_media_url":"","jetpack_shortlink":"https:\/\/wp.me\/poGda-25","jetpack_sharing_enabled":true,"_links":{"self":[{"href":"https:\/\/us.gluecksbazillus.de\/index.php?rest_route=\/wp\/v2\/posts\/129","targetHints":{"allow":["GET"]}}],"collection":[{"href":"https:\/\/us.gluecksbazillus.de\/index.php?rest_route=\/wp\/v2\/posts"}],"about":[{"href":"https:\/\/us.gluecksbazillus.de\/index.php?rest_route=\/wp\/v2\/types\/post"}],"author":[{"embeddable":true,"href":"https:\/\/us.gluecksbazillus.de\/index.php?rest_route=\/wp\/v2\/users\/1"}],"replies":[{"embeddable":true,"href":"https:\/\/us.gluecksbazillus.de\/index.php?rest_route=%2Fwp%2Fv2%2Fcomments&post=129"}],"version-history":[{"count":1,"href":"https:\/\/us.gluecksbazillus.de\/index.php?rest_route=\/wp\/v2\/posts\/129\/revisions"}],"predecessor-version":[{"id":131,"href":"https:\/\/us.gluecksbazillus.de\/index.php?rest_route=\/wp\/v2\/posts\/129\/revisions\/131"}],"wp:attachment":[{"href":"https:\/\/us.gluecksbazillus.de\/index.php?rest_route=%2Fwp%2Fv2%2Fmedia&parent=129"}],"wp:term":[{"taxonomy":"category","embeddable":true,"href":"https:\/\/us.gluecksbazillus.de\/index.php?rest_route=%2Fwp%2Fv2%2Fcategories&post=129"},{"taxonomy":"post_tag","embeddable":true,"href":"https:\/\/us.gluecksbazillus.de\/index.php?rest_route=%2Fwp%2Fv2%2Ftags&post=129"}],"curies":[{"name":"wp","href":"https:\/\/api.w.org\/{rel}","templated":true}]}}