{"id":212,"date":"2008-10-06T23:18:13","date_gmt":"2008-10-06T21:18:13","guid":{"rendered":"https:\/\/us.macbay.de\/blog\/?p=212"},"modified":"2008-10-06T23:18:13","modified_gmt":"2008-10-06T21:18:13","slug":"farben-der-stadt-120","status":"publish","type":"post","link":"https:\/\/us.gluecksbazillus.de\/?p=212","title":{"rendered":"Farben der Stadt 12.0"},"content":{"rendered":"<p>Die Stadt Warnem\u00fcnde ist als zweite Stadt an der Ostsee und als zw\u00f6lfte Stadt im Katalog der Farben der Stadt katalogisiert. Mit f\u00fcnfzehn Farbmustern erh\u00f6ht sich der Farbindex auf insgesamt 668 Farbmuster.<br \/>\nHier zwei zur Vorschau &#8211; die gesamte Kollektion gibt es in der Fotogalerie f\u00fcr <a href=\"https:\/\/us.macbay.de\/mb\/galerie\/index\/page\/1\/f\/Markisen\/Warnemuende\">Warnem\u00fcnde<\/a>.<\/p>\n<p><img decoding=\"async\" src=\"https:\/\/us.macbay.de\/blog\/wp-content\/uploads\/warnemuende_75.jpg\" alt=\"Farben der Stadt: Warnem\u00fcnde\" \/><\/p>\n<p><img decoding=\"async\" src=\"https:\/\/us.macbay.de\/blog\/wp-content\/uploads\/warnemuende_87.jpg\" alt=\"Farben der Stadt: Warnem\u00fcnde\" \/><\/p>\n<p>F\u00fcr den \u00dcberblick: Die erfassten St\u00e4dte auf <a href=\"https:\/\/us.macbay.de\/blog\/?p=203\">Google Maps<\/a>. <\/p>\n","protected":false},"excerpt":{"rendered":"<p>Die Stadt Warnem\u00fcnde ist als zweite Stadt an der Ostsee und als zw\u00f6lfte Stadt im Katalog der Farben der Stadt katalogisiert. Mit f\u00fcnfzehn Farbmustern erh\u00f6ht sich der Farbindex auf insgesamt 668 Farbmuster. Hier zwei zur Vorschau &#8211; die gesamte Kollektion gibt es in der Fotogalerie f\u00fcr Warnem\u00fcnde. F\u00fcr den \u00dcberblick: Die erfassten St\u00e4dte auf Google [&hellip;]<\/p>\n","protected":false},"author":1,"featured_media":0,"comment_status":"closed","ping_status":"open","sticky":false,"template":"","format":"standard","meta":{"_jetpack_memberships_contains_paid_content":false,"footnotes":""},"categories":[5],"tags":[154,147],"class_list":["post-212","post","type-post","status-publish","format-standard","hentry","category-farben-der-stadt","tag-design","tag-farben-der-stadt"],"jetpack_featured_media_url":"","jetpack_shortlink":"https:\/\/wp.me\/poGda-3q","jetpack_sharing_enabled":true,"_links":{"self":[{"href":"https:\/\/us.gluecksbazillus.de\/index.php?rest_route=\/wp\/v2\/posts\/212","targetHints":{"allow":["GET"]}}],"collection":[{"href":"https:\/\/us.gluecksbazillus.de\/index.php?rest_route=\/wp\/v2\/posts"}],"about":[{"href":"https:\/\/us.gluecksbazillus.de\/index.php?rest_route=\/wp\/v2\/types\/post"}],"author":[{"embeddable":true,"href":"https:\/\/us.gluecksbazillus.de\/index.php?rest_route=\/wp\/v2\/users\/1"}],"replies":[{"embeddable":true,"href":"https:\/\/us.gluecksbazillus.de\/index.php?rest_route=%2Fwp%2Fv2%2Fcomments&post=212"}],"version-history":[{"count":1,"href":"https:\/\/us.gluecksbazillus.de\/index.php?rest_route=\/wp\/v2\/posts\/212\/revisions"}],"predecessor-version":[{"id":215,"href":"https:\/\/us.gluecksbazillus.de\/index.php?rest_route=\/wp\/v2\/posts\/212\/revisions\/215"}],"wp:attachment":[{"href":"https:\/\/us.gluecksbazillus.de\/index.php?rest_route=%2Fwp%2Fv2%2Fmedia&parent=212"}],"wp:term":[{"taxonomy":"category","embeddable":true,"href":"https:\/\/us.gluecksbazillus.de\/index.php?rest_route=%2Fwp%2Fv2%2Fcategories&post=212"},{"taxonomy":"post_tag","embeddable":true,"href":"https:\/\/us.gluecksbazillus.de\/index.php?rest_route=%2Fwp%2Fv2%2Ftags&post=212"}],"curies":[{"name":"wp","href":"https:\/\/api.w.org\/{rel}","templated":true}]}}