{"id":2289,"date":"2021-08-08T14:57:30","date_gmt":"2021-08-08T12:57:30","guid":{"rendered":"https:\/\/us.gluecksbazillus.de\/?p=2289"},"modified":"2021-08-08T14:57:34","modified_gmt":"2021-08-08T12:57:34","slug":"berliner-horspielfestival","status":"publish","type":"post","link":"https:\/\/us.gluecksbazillus.de\/?p=2289","title":{"rendered":"Berliner H\u00f6rspielfestival"},"content":{"rendered":"\n<p>Mein H\u00f6rspiel \u2018for a blind person (blackest black version)\u2019 l\u00e4uft am kommenden Sonntag, 15. August im Wettbewerb des Berliner H\u00f6rspielfestivals.<\/p>\n\n\n\n<figure class=\"wp-block-gallery columns-1 is-cropped wp-block-gallery-1 is-layout-flex wp-block-gallery-is-layout-flex\"><ul class=\"blocks-gallery-grid\"><li class=\"blocks-gallery-item\"><figure><img loading=\"lazy\" decoding=\"async\" width=\"1024\" height=\"1024\" data-attachment-id=\"2290\" data-permalink=\"https:\/\/us.gluecksbazillus.de\/?attachment_id=2290\" data-orig-file=\"https:\/\/us.gluecksbazillus.de\/wp-content\/uploads\/black_matter.jpg\" data-orig-size=\"1500,1500\" data-comments-opened=\"0\" data-image-meta=\"{&quot;aperture&quot;:&quot;2.2&quot;,&quot;credit&quot;:&quot;&quot;,&quot;camera&quot;:&quot;iPhone SE&quot;,&quot;caption&quot;:&quot;&quot;,&quot;created_timestamp&quot;:&quot;0&quot;,&quot;copyright&quot;:&quot;&quot;,&quot;focal_length&quot;:&quot;4.2&quot;,&quot;iso&quot;:&quot;2000&quot;,&quot;shutter_speed&quot;:&quot;0.058823529411765&quot;,&quot;title&quot;:&quot;&quot;,&quot;orientation&quot;:&quot;1&quot;}\" data-image-title=\"black_matter\" data-image-description=\"\" data-image-caption=\"\" data-medium-file=\"https:\/\/us.gluecksbazillus.de\/wp-content\/uploads\/black_matter-400x400.jpg\" data-large-file=\"https:\/\/us.gluecksbazillus.de\/wp-content\/uploads\/black_matter-1024x1024.jpg\" src=\"https:\/\/us.gluecksbazillus.de\/wp-content\/uploads\/black_matter-1024x1024.jpg\" alt=\"\" data-id=\"2290\" data-full-url=\"https:\/\/us.gluecksbazillus.de\/wp-content\/uploads\/black_matter.jpg\" data-link=\"https:\/\/us.gluecksbazillus.de\/?attachment_id=2290\" class=\"wp-image-2290\" srcset=\"https:\/\/us.gluecksbazillus.de\/wp-content\/uploads\/black_matter-1024x1024.jpg 1024w, https:\/\/us.gluecksbazillus.de\/wp-content\/uploads\/black_matter-400x400.jpg 400w, https:\/\/us.gluecksbazillus.de\/wp-content\/uploads\/black_matter-150x150.jpg 150w, https:\/\/us.gluecksbazillus.de\/wp-content\/uploads\/black_matter-768x768.jpg 768w, https:\/\/us.gluecksbazillus.de\/wp-content\/uploads\/black_matter.jpg 1500w\" sizes=\"auto, (max-width: 1024px) 100vw, 1024px\" \/><\/figure><\/li><\/ul><\/figure>\n\n\n\n<p>Die\u00a0<a href=\"https:\/\/berliner-hoerspielfestival.de\/festival-2021\/\" data-type=\"URL\" data-id=\"https:\/\/berliner-hoerspielfestival.de\/festival-2021\/\" target=\"_blank\" rel=\"noreferrer noopener\">12. Ausgabe des Festivals<\/a>\u00a0findet vom 12. \u2013 15. August 2021 in der Akademie der K\u00fcnste, Berlin statt. H\u00f6ren kann man die Beitr\u00e4ge live vor Ort und im Stream. Mein St\u00fcck ist nominiert im internationalen Wettbewerb: \u2018<a rel=\"noreferrer noopener\" href=\"https:\/\/berliner-hoerspielfestival.de\/festival-2021-wettbewerb-the-burning-mic\/\" target=\"_blank\" data-type=\"URL\" data-id=\"https:\/\/berliner-hoerspielfestival.de\/festival-2021-wettbewerb-the-burning-mic\/\">The Burning Mic\u2019. Das Programm l\u00e4uft am Sonntag, 15. Aug. 2021, ab 17 Uhr<\/a>. <\/p>\n\n\n\n<p><strong>for a blind person (blackest black version)<\/strong>\u00a0<br>Autor: Uli Schuster<br>Dauer: 2:10 Minuten<\/p>\n\n\n\n<p>Beschreibung: Ist es der Verstand der uns Alles und jeden Moment erkl\u00e4ren kann? Oder sind es die Sinne die uns mitnehmen in eine Erfahrung f\u00fcr die es gar nicht die richtigen Worte gibt? Zwischen den Zeilen und mitten im Raum beginnt die Entdeckungsreise.<\/p>\n","protected":false},"excerpt":{"rendered":"<p>Mein H\u00f6rspiel \u2018for a blind person (blackest black version)\u2019 l\u00e4uft am kommenden Sonntag, 15. August im Wettbewerb des Berliner H\u00f6rspielfestivals. Die\u00a012. Ausgabe des Festivals\u00a0findet vom 12. \u2013 15. August 2021 in der Akademie der K\u00fcnste, Berlin statt. H\u00f6ren kann man die Beitr\u00e4ge live vor Ort und im Stream. Mein St\u00fcck ist nominiert im internationalen Wettbewerb: [&hellip;]<\/p>\n","protected":false},"author":1,"featured_media":0,"comment_status":"closed","ping_status":"open","sticky":false,"template":"","format":"standard","meta":{"_jetpack_memberships_contains_paid_content":false,"footnotes":""},"categories":[1],"tags":[12,411,410,430,408,19,439],"class_list":["post-2289","post","type-post","status-publish","format-standard","hentry","category-allgemein","tag-berlin","tag-blackest-black","tag-festival","tag-for-a-blind-person","tag-horspiel","tag-kunst","tag-live"],"jetpack_featured_media_url":"","jetpack_shortlink":"https:\/\/wp.me\/poGda-AV","jetpack_sharing_enabled":true,"_links":{"self":[{"href":"https:\/\/us.gluecksbazillus.de\/index.php?rest_route=\/wp\/v2\/posts\/2289","targetHints":{"allow":["GET"]}}],"collection":[{"href":"https:\/\/us.gluecksbazillus.de\/index.php?rest_route=\/wp\/v2\/posts"}],"about":[{"href":"https:\/\/us.gluecksbazillus.de\/index.php?rest_route=\/wp\/v2\/types\/post"}],"author":[{"embeddable":true,"href":"https:\/\/us.gluecksbazillus.de\/index.php?rest_route=\/wp\/v2\/users\/1"}],"replies":[{"embeddable":true,"href":"https:\/\/us.gluecksbazillus.de\/index.php?rest_route=%2Fwp%2Fv2%2Fcomments&post=2289"}],"version-history":[{"count":2,"href":"https:\/\/us.gluecksbazillus.de\/index.php?rest_route=\/wp\/v2\/posts\/2289\/revisions"}],"predecessor-version":[{"id":2292,"href":"https:\/\/us.gluecksbazillus.de\/index.php?rest_route=\/wp\/v2\/posts\/2289\/revisions\/2292"}],"wp:attachment":[{"href":"https:\/\/us.gluecksbazillus.de\/index.php?rest_route=%2Fwp%2Fv2%2Fmedia&parent=2289"}],"wp:term":[{"taxonomy":"category","embeddable":true,"href":"https:\/\/us.gluecksbazillus.de\/index.php?rest_route=%2Fwp%2Fv2%2Fcategories&post=2289"},{"taxonomy":"post_tag","embeddable":true,"href":"https:\/\/us.gluecksbazillus.de\/index.php?rest_route=%2Fwp%2Fv2%2Ftags&post=2289"}],"curies":[{"name":"wp","href":"https:\/\/api.w.org\/{rel}","templated":true}]}}